{"id":324710,"date":"2026-09-02T13:20:17","date_gmt":"2026-09-02T16:20:17","guid":{"rendered":"https:\/\/motonline.com.br\/noticia\/?p=324710"},"modified":"2026-09-02T12:53:41","modified_gmt":"2026-09-02T15:53:41","slug":"como-sera-circuito-urbano-motogp-adelaida","status":"publish","type":"post","link":"https:\/\/motonline.com.br\/noticia\/como-sera-circuito-urbano-motogp-adelaida\/","title":{"rendered":"343 km\/h: MotoGP revela projeto de novo circuito de rua em para 2027"},"content":{"rendered":"<p>O <a href=\"https:\/\/www.motogp.com\/\" rel=\"nofollow noopener\" target=\"_blank\">MotoGP<\/a> apresentou neste domingo o desenho oficial do novo circuito urbano que vai receber o <strong>Grande Pr\u00eamio da Austr\u00e1lia a partir de 2027<\/strong>. O an\u00fancio foi feito com a presen\u00e7a do primeiro-ministro da Austr\u00e1lia Meridional, Peter Malinauskas. O tra\u00e7ado ter\u00e1 <strong>4,13 km de extens\u00e3o, 15 curvas<\/strong> e ser\u00e1 constru\u00eddo no centro de Adelaida, tirando Phillip Island do calend\u00e1rio do campeonato ap\u00f3s anos como sede australiana.<\/p>\n<h2>Como ser\u00e1 o tra\u00e7ado de Adelaida<\/h2>\n<p>O circuito recupera setores ligados ao antigo tra\u00e7ado urbano que a F\u00f3rmula 1 utilizou na Austr\u00e1lia. Nomes como <strong>Stag Corner, Rundle Road, Brewery Bend e Dequetteville Terrace<\/strong> voltam a integrar uma competi\u00e7\u00e3o internacional, desta vez com as motos do MotoGP.<\/p>\n<p>O percurso \u00e9 majoritariamente plano, mas o desenho inclui varia\u00e7\u00f5es de n\u00edvel. Um dos pontos destacados pela organiza\u00e7\u00e3o \u00e9 a subida em dire\u00e7\u00e3o \u00e0 <strong>curva 8<\/strong>, trecho que deve exigir aten\u00e7\u00e3o nas refer\u00eancias de frenagem e na entrada em curva.<\/p>\n<p>O tra\u00e7ado combina curvas de velocidade m\u00e9dia e baixa com chicanes concentradas na parte final da volta, setor que tende a ser exigente nas mudan\u00e7as r\u00e1pidas de dire\u00e7\u00e3o, caracter\u00edstica cr\u00edtica para motos de alta pot\u00eancia. A zona mais veloz, segundo as simula\u00e7\u00f5es do MotoGP, ser\u00e1 a reta antes dessas duas chicanes finais, onde as motos poderiam atingir <strong>343 km\/h<\/strong>. A volta estimada fica em torno de <strong>1 minuto e 26 segundos<\/strong>, dado que ainda pertence ao campo das simula\u00e7\u00f5es, j\u00e1 que o circuito precisa ser constru\u00eddo e validado em pista.<\/p>\n<h2>Seguran\u00e7a: o principal desafio do projeto<\/h2>\n<p>Levar o MotoGP para um ambiente urbano coloca a quest\u00e3o das escapat\u00f3rias no centro do debate. Circuitos permanentes oferecem espa\u00e7os amplos para absorver quedas; ruas de cidade, por natureza, n\u00e3o. O projeto apresentado contempla <strong>zonas de cascalho no exterior das 15 curvas<\/strong>, o que indica que as escapat\u00f3rias foram incorporadas ao desenho desde o in\u00edcio, atendendo \u00e0s exig\u00eancias do campeonato e da FIM.<\/p>\n<p>Carlos Ezpeleta, diretor-geral adjunto do MotoGP Group, explicou a abordagem adotada: <em>&#8220;Passamos muitos meses trabalhando em estreita colabora\u00e7\u00e3o com a FIM e nossos parceiros em Adelaida para projetar um circuito de MotoGP que seja emocionante e, o mais importante, seguro. Estamos incrivelmente orgulhosos do que foi alcan\u00e7ado e confiamos que vai oferecer uma experi\u00eancia totalmente nova para nossos pilotos, equipes e f\u00e3s.&#8221;<\/em><\/p>\n<p><img fetchpriority=\"high\" decoding=\"async\" class=\"aligncenter wp-image-324722 size-full\" src=\"https:\/\/motonline.com.br\/noticia\/wp-content\/uploads\/2026\/09\/WhatsApp-Image-2026-09-01-at-17.30.55.jpeg\" alt=\"\" width=\"1200\" height=\"740\" title=\"\" srcset=\"https:\/\/motonline.com.br\/noticia\/wp-content\/uploads\/2026\/09\/WhatsApp-Image-2026-09-01-at-17.30.55.jpeg 1200w, https:\/\/motonline.com.br\/noticia\/wp-content\/uploads\/2026\/09\/WhatsApp-Image-2026-09-01-at-17.30.55-450x278.jpeg 450w, https:\/\/motonline.com.br\/noticia\/wp-content\/uploads\/2026\/09\/WhatsApp-Image-2026-09-01-at-17.30.55-800x493.jpeg 800w, https:\/\/motonline.com.br\/noticia\/wp-content\/uploads\/2026\/09\/WhatsApp-Image-2026-09-01-at-17.30.55-768x474.jpeg 768w, https:\/\/motonline.com.br\/noticia\/wp-content\/uploads\/2026\/09\/WhatsApp-Image-2026-09-01-at-17.30.55-1024x631.jpeg 1024w, https:\/\/motonline.com.br\/noticia\/wp-content\/uploads\/2026\/09\/WhatsApp-Image-2026-09-01-at-17.30.55-150x93.jpeg 150w\" sizes=\"(max-width: 1200px) 100vw, 1200px\" \/><\/p>\n<h3>Veja tamb\u00e9m:&nbsp;<\/h3>\n<ul>\n<li><a class=\"gs-title\" dir=\"ltr\" href=\"https:\/\/motonline.com.br\/noticia\/ducati-motogp-2031-o-que-significa\/\" target=\"_self\" data-cturl=\"https:\/\/www.google.com\/url?client=internal-element-cse&amp;cx=e700c98c6c0974d15&amp;q=https:\/\/motonline.com.br\/noticia\/ducati-motogp-2031-o-que-significa\/&amp;sa=U&amp;ved=2ahUKEwio1IuDr46WAxX6rpUCHXFLMOUQFnoECAoQAg&amp;usg=AOvVaw1tVGN9eBBuJfyAYj16XSpr&amp;fexp=121575042,121903738,121575040,121903739\" data-ctorig=\"https:\/\/motonline.com.br\/noticia\/ducati-motogp-2031-o-que-significa\/\">Fechado at\u00e9 2031! Ducati assina acordo in\u00e9dito na&nbsp;<b>MotoGP<\/b><\/a><\/li>\n<li><a class=\"gs-title\" dir=\"ltr\" href=\"https:\/\/www.google.com\/url?client=internal-element-cse&amp;cx=e700c98c6c0974d15&amp;q=https:\/\/motonline.com.br\/noticia\/ktm-motogp-850cc-2027\/&amp;sa=U&amp;ved=2ahUKEwio1IuDr46WAxX6rpUCHXFLMOUQFnoECAYQAg&amp;usg=AOvVaw1g31DNgQP0LieYjaBbJGiV&amp;fexp=121575042,121903738,121575040,121903739\" target=\"_self\" data-cturl=\"https:\/\/www.google.com\/url?client=internal-element-cse&amp;cx=e700c98c6c0974d15&amp;q=https:\/\/motonline.com.br\/noticia\/ktm-motogp-850cc-2027\/&amp;sa=U&amp;ved=2ahUKEwio1IuDr46WAxX6rpUCHXFLMOUQFnoECAYQAg&amp;usg=AOvVaw1g31DNgQP0LieYjaBbJGiV&amp;fexp=121575042,121903738,121575040,121903739\" data-ctorig=\"https:\/\/motonline.com.br\/noticia\/ktm-motogp-850cc-2027\/\">A KTM vai dominar o&nbsp;<b>MotoGP<\/b>&nbsp;em 2027? Nova 850cc em testes<\/a><\/li>\n<li><a class=\"gs-title\" dir=\"ltr\" href=\"https:\/\/motonline.com.br\/noticia\/ktm-no-motogp-ate-2031\/\" target=\"_self\" data-cturl=\"https:\/\/www.google.com\/url?client=internal-element-cse&amp;cx=e700c98c6c0974d15&amp;q=https:\/\/motonline.com.br\/noticia\/ktm-no-motogp-ate-2031\/&amp;sa=U&amp;ved=2ahUKEwio1IuDr46WAxX6rpUCHXFLMOUQFnoECAcQAQ&amp;usg=AOvVaw2Cog5QP4LQ0MEhqVjRmHiG&amp;fexp=121575042,121903738,121575040,121903739\" data-ctorig=\"https:\/\/motonline.com.br\/noticia\/ktm-no-motogp-ate-2031\/\">KTM renova com a&nbsp;<b>MotoGP<\/b>&nbsp;em contrato in\u00e9dito at\u00e9 2031<\/a><\/li>\n<\/ul>\n<h2>Pol\u00eamica ambiental e contrato at\u00e9 2032<\/h2>\n<p>A chegada do MotoGP a Adelaida j\u00e1 enfrenta resist\u00eancia local. O principal ponto de tens\u00e3o \u00e9 o impacto sobre os parques da cidade: as estimativas apontam para <strong>at\u00e9 200 \u00e1rvores afetadas pelas obras<\/strong>. Uma peti\u00e7\u00e3o contra a realiza\u00e7\u00e3o do Grande Pr\u00eamio reuniu <strong>43.000 assinaturas<\/strong>.<\/p>\n<p>O MotoGP afirma que o projeto inclui medidas de prote\u00e7\u00e3o das \u00e1reas verdes e melhorias nos espa\u00e7os p\u00fablicos. Ezpeleta declarou: <em>&#8220;Desde o primeiro dia, trabalhamos com as partes interessadas locais para garantir que o circuito gere resultados positivos para a comunidade e o meio ambiente, al\u00e9m de corridas de alto n\u00edvel.&#8221;<\/em><\/p>\n<p>O contrato prev\u00ea a realiza\u00e7\u00e3o do GP anualmente em Adelaida, inicialmente <strong>at\u00e9 2032<\/strong>, com um or\u00e7amento de <strong>96 milh\u00f5es de d\u00f3lares<\/strong>. O evento tamb\u00e9m dividir\u00e1 o fim de semana com os Supercars, concentrando diferentes competi\u00e7\u00f5es no mesmo per\u00edodo. Os 343 km\/h e o 1m26s estimados permanecem como n\u00fameros de simula\u00e7\u00e3o at\u00e9 que as motos girem pela primeira vez nas ruas da cidade.<\/p>\n","protected":false},"excerpt":{"rendered":"<p>O novo circuito urbano de MotoGP em Adelaida ter\u00e1 4,13 km, 15 curvas e velocidades de at\u00e9 343 km\/h \u2014 substituindo o ic\u00f4nico Phillip Island no calend\u00e1rio.<\/p>\n","protected":false},"author":113,"featured_media":324721,"comment_status":"closed","ping_status":"closed","sticky":false,"template":"","format":"standard","meta":{"_acf_changed":false,"footnotes":"","_members_access_role":[],"_members_access_error":""},"categories":[208],"tags":[17409,17410,11680,17411,12853],"class_list":["post-324710","post","type-post","status-publish","format-standard","has-post-thumbnail","hentry","category-motogp","tag-adelaide","tag-circuito-de-adelaide","tag-motogp","tag-motogp-2027","tag-motogp-da-australia"],"acf":[],"newsletter_post":false,"_links":{"self":[{"href":"https:\/\/motonline.com.br\/noticia\/wp-json\/wp\/v2\/posts\/324710","targetHints":{"allow":["GET"]}}],"collection":[{"href":"https:\/\/motonline.com.br\/noticia\/wp-json\/wp\/v2\/posts"}],"about":[{"href":"https:\/\/motonline.com.br\/noticia\/wp-json\/wp\/v2\/types\/post"}],"author":[{"embeddable":true,"href":"https:\/\/motonline.com.br\/noticia\/wp-json\/wp\/v2\/users\/113"}],"replies":[{"embeddable":true,"href":"https:\/\/motonline.com.br\/noticia\/wp-json\/wp\/v2\/comments?post=324710"}],"version-history":[{"count":5,"href":"https:\/\/motonline.com.br\/noticia\/wp-json\/wp\/v2\/posts\/324710\/revisions"}],"predecessor-version":[{"id":324724,"href":"https:\/\/motonline.com.br\/noticia\/wp-json\/wp\/v2\/posts\/324710\/revisions\/324724"}],"wp:featuredmedia":[{"embeddable":true,"href":"https:\/\/motonline.com.br\/noticia\/wp-json\/wp\/v2\/media\/324721"}],"wp:attachment":[{"href":"https:\/\/motonline.com.br\/noticia\/wp-json\/wp\/v2\/media?parent=324710"}],"wp:term":[{"taxonomy":"category","embeddable":true,"href":"https:\/\/motonline.com.br\/noticia\/wp-json\/wp\/v2\/categories?post=324710"},{"taxonomy":"post_tag","embeddable":true,"href":"https:\/\/motonline.com.br\/noticia\/wp-json\/wp\/v2\/tags?post=324710"}],"curies":[{"name":"wp","href":"https:\/\/api.w.org\/{rel}","templated":true}]}}